{"id":2822,"date":"2026-04-28T09:43:39","date_gmt":"2026-04-28T09:43:39","guid":{"rendered":"https:\/\/drnicolau.ro\/?p=2822"},"modified":"2026-04-28T10:38:06","modified_gmt":"2026-04-28T10:38:06","slug":"ghid-complet-pentru-fatete-dentare-la-ce-sa-te-astepti-si-care-este-perioada-de-recuperare","status":"publish","type":"post","link":"https:\/\/drnicolau.ro\/fr\/ghid-complet-pentru-fatete-dentare-la-ce-sa-te-astepti-si-care-este-perioada-de-recuperare\/","title":{"rendered":"Ghid complet pentru fa\u021bete dentare"},"content":{"rendered":"<p>Z\u00e2mbetul este, de multe ori, prima carte de vizit\u0103. \u00cen estetica dentar\u0103 modern\u0103, <a href=\"https:\/\/drnicolau.ro\/fr\/servicii-stomatologice-bucuresti\/fatete-dentare-emax\/\" rel=\"noreferrer noopener\" target=\"_blank\">fa\u021betele<\/a> reprezint\u0103 solu\u021bia &#8222;de aur&#8221; pentru a corecta imperfec\u021biunile de form\u0103, culoare sau pozi\u021bie ale din\u021bilor. Dac\u0103 te g\u00e2nde\u0219ti s\u0103 faci acest pas, este natural s\u0103 ai \u00eentreb\u0103ri despre proces, durat\u0103 \u0219i ce se \u00eent\u00e2mpl\u0103 dup\u0103 ce p\u0103r\u0103se\u0219ti scaunul stomatologic.<\/p>\n\n\n\n<p>Acest ghid \u00ee\u021bi va detalia parcursul complet, de la prima str\u00e2ngere de m\u00e2n\u0103 \u00een cabinet, p\u00e2n\u0103 la momentul \u00een care te vei privi cu \u00eencredere \u00een oglind\u0103.<\/p>\n\n\n\n<figure class=\"wp-block-gallery has-nested-images columns-default is-cropped wp-block-gallery-1 is-layout-flex wp-block-gallery-is-layout-flex\">\n<figure class=\"wp-block-image size-large\"><img fetchpriority=\"high\" decoding=\"async\" width=\"1020\" height=\"1024\" data-id=\"2836\" src=\"https:\/\/drnicolau.ro\/wp-content\/uploads\/2026\/04\/image-2-1-1020x1024.png\" alt=\"\" class=\"wp-image-2836\" srcset=\"https:\/\/drnicolau.ro\/wp-content\/uploads\/2026\/04\/image-2-1-1020x1024.png 1020w, https:\/\/drnicolau.ro\/wp-content\/uploads\/2026\/04\/image-2-1-300x300.png 300w, https:\/\/drnicolau.ro\/wp-content\/uploads\/2026\/04\/image-2-1-150x150.png 150w, https:\/\/drnicolau.ro\/wp-content\/uploads\/2026\/04\/image-2-1-768x771.png 768w, https:\/\/drnicolau.ro\/wp-content\/uploads\/2026\/04\/image-2-1-12x12.png 12w, https:\/\/drnicolau.ro\/wp-content\/uploads\/2026\/04\/image-2-1.png 1283w\" sizes=\"(max-width: 1020px) 100vw, 1020px\" \/><\/figure>\n\n\n\n<figure class=\"wp-block-image size-large\"><img decoding=\"async\" width=\"1024\" height=\"1019\" data-id=\"2837\" src=\"https:\/\/drnicolau.ro\/wp-content\/uploads\/2026\/04\/image-3-1024x1019.png\" alt=\"\" class=\"wp-image-2837\" srcset=\"https:\/\/drnicolau.ro\/wp-content\/uploads\/2026\/04\/image-3-1024x1019.png 1024w, https:\/\/drnicolau.ro\/wp-content\/uploads\/2026\/04\/image-3-300x300.png 300w, https:\/\/drnicolau.ro\/wp-content\/uploads\/2026\/04\/image-3-150x150.png 150w, https:\/\/drnicolau.ro\/wp-content\/uploads\/2026\/04\/image-3-768x764.png 768w, https:\/\/drnicolau.ro\/wp-content\/uploads\/2026\/04\/image-3-12x12.png 12w, https:\/\/drnicolau.ro\/wp-content\/uploads\/2026\/04\/image-3.png 1283w\" sizes=\"(max-width: 1024px) 100vw, 1024px\" \/><\/figure>\n\n\n\n<figure class=\"wp-block-image size-large\"><img decoding=\"async\" width=\"1024\" height=\"1010\" data-id=\"2835\" src=\"https:\/\/drnicolau.ro\/wp-content\/uploads\/2026\/04\/image-4-1024x1010.png\" alt=\"\" class=\"wp-image-2835\" srcset=\"https:\/\/drnicolau.ro\/wp-content\/uploads\/2026\/04\/image-4-1024x1010.png 1024w, https:\/\/drnicolau.ro\/wp-content\/uploads\/2026\/04\/image-4-300x296.png 300w, https:\/\/drnicolau.ro\/wp-content\/uploads\/2026\/04\/image-4-768x758.png 768w, https:\/\/drnicolau.ro\/wp-content\/uploads\/2026\/04\/image-4-12x12.png 12w, https:\/\/drnicolau.ro\/wp-content\/uploads\/2026\/04\/image-4.png 1284w\" sizes=\"(max-width: 1024px) 100vw, 1024px\" \/><\/figure>\n<\/figure>\n\n\n\n<div style=\"height:20px\" aria-hidden=\"true\" class=\"wp-block-spacer\"><\/div>\n\n\n\n<h2 class=\"wp-block-heading\">1. Primul pas: Consulta\u021bia \u0219i Planul de Tratament<\/h2>\n\n\n\n<p>Nu orice z\u00e2mbet se trateaz\u0103 la fel. Prima etap\u0103 la <strong>Dr. Nicolau<\/strong> este dedicat\u0103 ascult\u0103rii nevoilor tale \u0219i evalu\u0103rii s\u0103n\u0103t\u0103\u021bii dentare.<\/p>\n\n\n\n<ul class=\"wp-block-list\">\n<li><strong>Evaluarea clinic\u0103: <\/strong>Verific\u0103m dac\u0103 exist\u0103 carii sau probleme gingivale care trebuie tratate anterior.<\/li>\n\n\n\n<li><strong>Digital Smile Design:<\/strong> Folosim tehnologia pentru a proiecta viitorul t\u0103u z\u00e2mbet. Vei putea vedea o simulare a rezultatului final \u00eenainte de a \u00eencepe procedura propriu-zis\u0103.<\/li>\n\n\n\n<li><strong>Alegerea materialului: <\/strong>Discut\u0103m despre diferen\u021bele dintre fa\u021betele din ceramic\u0103 E-max (cele mai estetice \u0219i durabile) \u0219i cele din compozit.<\/li>\n<\/ul>\n\n\n\n<div style=\"height:20px\" aria-hidden=\"true\" class=\"wp-block-spacer\"><\/div>\n\n\n\n<figure class=\"wp-block-image size-full\"><img loading=\"lazy\" decoding=\"async\" width=\"720\" height=\"243\" src=\"https:\/\/drnicolau.ro\/wp-content\/uploads\/2026\/04\/image-1.png\" alt=\"\" class=\"wp-image-2831\" srcset=\"https:\/\/drnicolau.ro\/wp-content\/uploads\/2026\/04\/image-1.png 720w, https:\/\/drnicolau.ro\/wp-content\/uploads\/2026\/04\/image-1-300x101.png 300w, https:\/\/drnicolau.ro\/wp-content\/uploads\/2026\/04\/image-1-18x6.png 18w\" sizes=\"(max-width: 720px) 100vw, 720px\" \/><\/figure>\n\n\n\n<div style=\"height:20px\" aria-hidden=\"true\" class=\"wp-block-spacer\"><\/div>\n\n\n\n<h2 class=\"wp-block-heading\">2. Preg\u0103tirea din\u021bilor: \u0218lefuire minim\u0103 sau &#8222;No-Prep&#8221;?<\/h2>\n\n\n\n<p>Mul\u021bi pacien\u021bi se tem de \u0219lefuirea din\u021bilor. Realitatea este c\u0103 tehnicile moderne sunt extrem de conservatoare.<\/p>\n\n\n\n<ul class=\"wp-block-list\">\n<li><strong>\u0218lefuirea minim-invaziv\u0103: <\/strong>Se \u00eendep\u0103rteaz\u0103 un strat infim de smal\u021b (aproximativ 0.3 &#8211; 0.5 mm) pentru a face loc fa\u021betei.<\/li>\n\n\n\n<li><strong>Fa\u021betele No-Prep: <\/strong>\u00cen anumite cazuri, fa\u021betele pot fi aplicate direct pe dinte, f\u0103r\u0103 nicio \u0219lefuire prealabil\u0103.<\/li>\n\n\n\n<li><strong>Amprentarea:<\/strong> Lu\u0103m o amprent\u0103 digital\u0103 sau clasic\u0103, de o precizie microscopic\u0103, pe care o trimitem laboratorului de tehnic\u0103 dentar\u0103.<\/li>\n<\/ul>\n\n\n\n<h2 class=\"wp-block-heading\">3. Etapa interimar\u0103: Fa\u021betele provizorii<\/h2>\n\n\n\n<p>P\u00e2n\u0103 c\u00e2nd fa\u021betele tale definitive sunt gata (de regul\u0103 <strong>7-10 zile<\/strong>), nu vei pleca din clinic\u0103 cu din\u021bii \u0219lefui\u021bi la vedere. Aplic\u0103m fa\u021bete provizorii care au dou\u0103 roluri:<\/p>\n\n\n\n<ol class=\"wp-block-list\">\n<li><strong>Protec\u021bie:<\/strong> Protejeaz\u0103 dentina de sensibilitatea la cald\/rece.<\/li>\n\n\n\n<li><strong>Test drive:<\/strong> Te ajut\u0103 s\u0103 te obi\u0219nuie\u0219ti cu noua form\u0103 \u0219i s\u0103 ne oferi feedback pentru varianta final\u0103.<\/li>\n<\/ol>\n\n\n\n<h2 class=\"wp-block-heading\">4. Cimentarea definitiv\u0103: Momentul transform\u0103rii<\/h2>\n\n\n\n<p>Aceasta este etapa \u00een care viziunea devine realitate. Proba final\u0103 verific\u0103 adaptarea marginal\u0103, culoarea \u0219i ocluzia (mu\u0219c\u0103tura). Dac\u0103 totul este perfect, fa\u021betele sunt fixate printr-un proces de cimentare adeziv\u0103 extrem de puternic, care transform\u0103 fa\u021beta \u0219i dintele \u00eentr-un tot unitar.<\/p>\n\n\n\n<figure class=\"wp-block-image aligncenter size-full\"><img loading=\"lazy\" decoding=\"async\" width=\"250\" height=\"200\" src=\"https:\/\/drnicolau.ro\/wp-content\/uploads\/2026\/04\/image.png\" alt=\"\" class=\"wp-image-2823\" srcset=\"https:\/\/drnicolau.ro\/wp-content\/uploads\/2026\/04\/image.png 250w, https:\/\/drnicolau.ro\/wp-content\/uploads\/2026\/04\/image-15x12.png 15w\" sizes=\"(max-width: 250px) 100vw, 250px\" \/><\/figure>\n\n\n\n<div style=\"height:20px\" aria-hidden=\"true\" class=\"wp-block-spacer\"><\/div>\n\n\n\n<h2 class=\"wp-block-heading\">5. Perioada de recuperare: La ce s\u0103 te a\u0219tep\u021bi?<\/h2>\n\n\n\n<p>Vestea bun\u0103 este c\u0103 <strong>nu exist\u0103 o perioad\u0103 de recuperare invaziv\u0103<\/strong>. Te po\u021bi \u00eentoarce la activit\u0103\u021bile tale imediat, \u00eens\u0103 exist\u0103 o etap\u0103 de acomodare:<\/p>\n\n\n\n<ul class=\"wp-block-list\">\n<li><strong>Sensibilitatea tranzitorie:<\/strong> Este normal s\u0103 sim\u021bi o u\u0219oar\u0103 sensibilitate la temperaturi extreme \u00een primele <strong>3-5 zile.<\/strong><\/li>\n\n\n\n<li><strong>Acomodarea muscular\u0103:<\/strong> Buzele \u0219i limba \u201e\u00eenva\u021b\u0103\u201d noile dimensiuni ale din\u021bilor. Vorbirea poate p\u0103rea u\u0219or diferit\u0103 \u00een primele ore, dar creierul se adapteaz\u0103 rapid.<\/li>\n\n\n\n<li><strong>Gingiile:<\/strong> Pot prezenta o u\u0219oar\u0103 iritare sau ro\u0219ea\u021b\u0103 timp de 24-48 de ore dup\u0103 cimentare, care trece de la sine prin igien\u0103 riguroas\u0103.<\/li>\n<\/ul>\n\n\n\n<h2 class=\"wp-block-heading\">6. \u00centre\u021binerea pe termen lung<\/h2>\n\n\n\n<p>Fa\u021betele nu fac carii, dar dintele de dedesubt \u0219i gingia din jur au nevoie de \u00eengrijire.<\/p>\n\n\n\n<ul class=\"wp-block-list\">\n<li><strong>Igiena:<\/strong> Periaj de dou\u0103 ori pe zi \u0219i utilizarea du\u0219ului bucal.<\/li>\n\n\n\n<li><strong>Protec\u021bie: <\/strong>Dac\u0103 suferi de bruxism (scr\u00e2\u0219nitul din\u021bilor), \u00ee\u021bi vom recomanda o gutier\u0103 de protec\u021bie pe timpul nop\u021bii.<\/li>\n\n\n\n<li><strong>Control:<\/strong> Vizite regulate pentru igienizare profesional\u0103 \u0219i verificare.<\/li>\n<\/ul>\n\n\n\n<h2 class=\"wp-block-heading\">\u00centreb\u0103ri frecvente<\/h2>\n\n\n\n<div style=\"height:20px\" aria-hidden=\"true\" class=\"wp-block-spacer\"><\/div>\n\n\n\n<div data-wp-context=\"{ &quot;autoclose&quot;: false, &quot;accordionItems&quot;: [] }\" data-wp-interactive=\"core\/accordion\" role=\"group\" class=\"wp-block-accordion is-layout-flow wp-block-accordion-is-layout-flow\">\n<div data-wp-class--is-open=\"state.isOpen\" data-wp-context=\"{ &quot;id&quot;: &quot;accordion-item-2&quot;, &quot;openByDefault&quot;: false }\" data-wp-init=\"callbacks.initAccordionItems\" data-wp-on-window--hashchange=\"callbacks.hashChange\" class=\"wp-block-accordion-item is-layout-flow wp-block-accordion-item-is-layout-flow\">\n<h3 class=\"wp-block-accordion-heading\"><button aria-expanded=\"false\" aria-controls=\"accordion-item-2-panel\" data-wp-bind--aria-expanded=\"state.isOpen\" data-wp-on--click=\"actions.toggle\" data-wp-on--keydown=\"actions.handleKeyDown\" id=\"accordion-item-2\" type=\"button\" class=\"wp-block-accordion-heading__toggle\"><span class=\"wp-block-accordion-heading__toggle-title\">1. Care este durata de via\u021b\u0103 a fa\u021betelor dentare?<\/span><span class=\"wp-block-accordion-heading__toggle-icon\" aria-hidden=\"true\">+<\/span><\/button><\/h3>\n\n\n\n<div inert aria-labelledby=\"accordion-item-2\" data-wp-bind--inert=\"!state.isOpen\" id=\"accordion-item-2-panel\" role=\"region\" class=\"wp-block-accordion-panel is-layout-flow wp-block-accordion-panel-is-layout-flow\">\n<p>Datorit\u0103 tehnologiilor adezive moderne din 2026, fa\u021betele dentare din ceramic\u0103 (E-max sau feldspatice) au o durat\u0103 de via\u021b\u0103 cuprins\u0103 \u00eentre 10 \u0219i 15 ani, sau chiar mai mult, dac\u0103 sunt \u00eengrijite corect. Acestea nu \u00ee\u0219i schimb\u0103 culoarea \u00een timp \u0219i sunt extrem de rezistente la petele de cafea sau tutun.<\/p>\n<\/div>\n<\/div>\n<\/div>\n\n\n\n<div data-wp-context=\"{ &quot;autoclose&quot;: false, &quot;accordionItems&quot;: [] }\" data-wp-interactive=\"core\/accordion\" role=\"group\" class=\"wp-block-accordion is-layout-flow wp-block-accordion-is-layout-flow\">\n<div data-wp-class--is-open=\"state.isOpen\" data-wp-context=\"{ &quot;id&quot;: &quot;accordion-item-3&quot;, &quot;openByDefault&quot;: false }\" data-wp-init=\"callbacks.initAccordionItems\" data-wp-on-window--hashchange=\"callbacks.hashChange\" class=\"wp-block-accordion-item is-layout-flow wp-block-accordion-item-is-layout-flow\">\n<h3 class=\"wp-block-accordion-heading\"><button aria-expanded=\"false\" aria-controls=\"accordion-item-3-panel\" data-wp-bind--aria-expanded=\"state.isOpen\" data-wp-on--click=\"actions.toggle\" data-wp-on--keydown=\"actions.handleKeyDown\" id=\"accordion-item-3\" type=\"button\" class=\"wp-block-accordion-heading__toggle\"><span class=\"wp-block-accordion-heading__toggle-title\">2. Fa\u021betele dentare necesit\u0103 \u0219lefuirea din\u021bilor naturali?<\/span><span class=\"wp-block-accordion-heading__toggle-icon\" aria-hidden=\"true\">+<\/span><\/button><\/h3>\n\n\n\n<div inert aria-labelledby=\"accordion-item-3\" data-wp-bind--inert=\"!state.isOpen\" id=\"accordion-item-3-panel\" role=\"region\" class=\"wp-block-accordion-panel is-layout-flow wp-block-accordion-panel-is-layout-flow\">\n<p>\u00cen prezent, la clinica Dr. Nicolau utiliz\u0103m tehnici de tip \u201eNo-Prep\u201d sau \u201eMinimal-Prep\u201d. Aceasta \u00eenseamn\u0103 c\u0103 \u0219lefuirea este fie inexistent\u0103, fie se rezum\u0103 la o preg\u0103tire superficial\u0103 a smal\u021bului, de ordinul a 0.2 &#8211; 0.3 mm, p\u0103str\u00e2nd integritatea dintelui natural.<\/p>\n<\/div>\n<\/div>\n<\/div>\n\n\n\n<div data-wp-context=\"{ &quot;autoclose&quot;: false, &quot;accordionItems&quot;: [] }\" data-wp-interactive=\"core\/accordion\" role=\"group\" class=\"wp-block-accordion is-layout-flow wp-block-accordion-is-layout-flow\">\n<div data-wp-class--is-open=\"state.isOpen\" data-wp-context=\"{ &quot;id&quot;: &quot;accordion-item-4&quot;, &quot;openByDefault&quot;: false }\" data-wp-init=\"callbacks.initAccordionItems\" data-wp-on-window--hashchange=\"callbacks.hashChange\" class=\"wp-block-accordion-item is-layout-flow wp-block-accordion-item-is-layout-flow\">\n<h3 class=\"wp-block-accordion-heading\"><button aria-expanded=\"false\" aria-controls=\"accordion-item-4-panel\" data-wp-bind--aria-expanded=\"state.isOpen\" data-wp-on--click=\"actions.toggle\" data-wp-on--keydown=\"actions.handleKeyDown\" id=\"accordion-item-4\" type=\"button\" class=\"wp-block-accordion-heading__toggle\"><span class=\"wp-block-accordion-heading__toggle-title\"><strong>3. Procedura de aplicare a fa\u021betelor este dureroas\u0103?<\/strong><\/span><span class=\"wp-block-accordion-heading__toggle-icon\" aria-hidden=\"true\">+<\/span><\/button><\/h3>\n\n\n\n<div inert aria-labelledby=\"accordion-item-4\" data-wp-bind--inert=\"!state.isOpen\" id=\"accordion-item-4-panel\" role=\"region\" class=\"wp-block-accordion-panel is-layout-flow wp-block-accordion-panel-is-layout-flow\">\n<p>Nu, aplicarea fa\u021betelor este o procedur\u0103 minim invaziv\u0103. \u00cen cazul fa\u021betelor f\u0103r\u0103 \u0219lefuire, nu este nevoie nici m\u0103car de anestezie. Pentru cazurile care necesit\u0103 o preg\u0103tire minim\u0103, se folose\u0219te anestezie local\u0103, astfel \u00eenc\u00e2t pacientul s\u0103 nu simt\u0103 niciun disconfort.<\/p>\n<\/div>\n<\/div>\n<\/div>\n\n\n\n<div data-wp-context=\"{ &quot;autoclose&quot;: false, &quot;accordionItems&quot;: [] }\" data-wp-interactive=\"core\/accordion\" role=\"group\" class=\"wp-block-accordion is-layout-flow wp-block-accordion-is-layout-flow\">\n<div data-wp-class--is-open=\"state.isOpen\" data-wp-context=\"{ &quot;id&quot;: &quot;accordion-item-5&quot;, &quot;openByDefault&quot;: false }\" data-wp-init=\"callbacks.initAccordionItems\" data-wp-on-window--hashchange=\"callbacks.hashChange\" class=\"wp-block-accordion-item is-layout-flow wp-block-accordion-item-is-layout-flow\">\n<h3 class=\"wp-block-accordion-heading\"><button aria-expanded=\"false\" aria-controls=\"accordion-item-5-panel\" data-wp-bind--aria-expanded=\"state.isOpen\" data-wp-on--click=\"actions.toggle\" data-wp-on--keydown=\"actions.handleKeyDown\" id=\"accordion-item-5\" type=\"button\" class=\"wp-block-accordion-heading__toggle\"><span class=\"wp-block-accordion-heading__toggle-title\"><strong>4. Fa\u021betele dentare se pot caria?<\/strong><\/span><span class=\"wp-block-accordion-heading__toggle-icon\" aria-hidden=\"true\">+<\/span><\/button><\/h3>\n\n\n\n<div inert aria-labelledby=\"accordion-item-5\" data-wp-bind--inert=\"!state.isOpen\" id=\"accordion-item-5-panel\" role=\"region\" class=\"wp-block-accordion-panel is-layout-flow wp-block-accordion-panel-is-layout-flow\">\n<p>Fa\u021beta \u00een sine, fiind din ceramic\u0103, nu se cariaz\u0103. Totu\u0219i, dintele de sub fa\u021bet\u0103 r\u0103m\u00e2ne viu \u0219i trebuie protejat printr-o igien\u0103 riguroas\u0103. Periajul corect \u0219i folosirea du\u0219ului bucal sunt esen\u021biale pentru a preveni acumularea pl\u0103cii bacteriene la jonc\u021biunea dintre fa\u021bet\u0103 \u0219i gingie.<\/p>\n<\/div>\n<\/div>\n<\/div>\n\n\n\n<ol class=\"wp-block-list\"><\/ol>\n\n\n\n<div data-wp-context=\"{ &quot;autoclose&quot;: false, &quot;accordionItems&quot;: [] }\" data-wp-interactive=\"core\/accordion\" role=\"group\" class=\"wp-block-accordion is-layout-flow wp-block-accordion-is-layout-flow\">\n<div data-wp-class--is-open=\"state.isOpen\" data-wp-context=\"{ &quot;id&quot;: &quot;accordion-item-6&quot;, &quot;openByDefault&quot;: false }\" data-wp-init=\"callbacks.initAccordionItems\" data-wp-on-window--hashchange=\"callbacks.hashChange\" class=\"wp-block-accordion-item is-layout-flow wp-block-accordion-item-is-layout-flow\">\n<h3 class=\"wp-block-accordion-heading\"><button aria-expanded=\"false\" aria-controls=\"accordion-item-6-panel\" data-wp-bind--aria-expanded=\"state.isOpen\" data-wp-on--click=\"actions.toggle\" data-wp-on--keydown=\"actions.handleKeyDown\" id=\"accordion-item-6\" type=\"button\" class=\"wp-block-accordion-heading__toggle\"><span class=\"wp-block-accordion-heading__toggle-title\"><strong>5. Care este diferen\u021ba dintre fa\u021betele din ceramic\u0103 \u0219i cele din compozit?<\/strong><\/span><span class=\"wp-block-accordion-heading__toggle-icon\" aria-hidden=\"true\">+<\/span><\/button><\/h3>\n\n\n\n<div inert aria-labelledby=\"accordion-item-6\" data-wp-bind--inert=\"!state.isOpen\" id=\"accordion-item-6-panel\" role=\"region\" class=\"wp-block-accordion-panel is-layout-flow wp-block-accordion-panel-is-layout-flow\">\n<p>Fa\u021betele din ceramic\u0103 (por\u021belan) sunt superioare ca estetic\u0103, transluciditate \u0219i rezisten\u021b\u0103 la pete, fiind realizate \u00een laborator prin tehnologie CAD\/CAM. Fa\u021betele din compozit sunt mai accesibile ca pre\u021b \u0219i pot fi realizate \u00eentr-o singur\u0103 \u0219edin\u021b\u0103, \u00eens\u0103 necesit\u0103 \u00eentre\u021binere mai frecvent\u0103 deoarece se pot p\u0103ta sau \u00ee\u0219i pot pierde luciul \u00een timp.<\/p>\n<\/div>\n<\/div>\n<\/div>","protected":false},"excerpt":{"rendered":"<p>Z\u00e2mbetul este, de multe ori, prima carte de vizit\u0103. \u00cen estetica dentar\u0103 modern\u0103, fa\u021betele reprezint\u0103 solu\u021bia &#8222;de aur&#8221; pentru a corecta imperfec\u021biunile de form\u0103, culoare [&hellip;]<\/p>","protected":false},"author":4,"featured_media":2844,"comment_status":"closed","ping_status":"closed","sticky":false,"template":"","format":"standard","meta":{"_acf_changed":false,"site-sidebar-layout":"default","site-content-layout":"","ast-site-content-layout":"default","site-content-style":"default","site-sidebar-style":"default","ast-global-header-display":"","ast-banner-title-visibility":"","ast-main-header-display":"","ast-hfb-above-header-display":"","ast-hfb-below-header-display":"","ast-hfb-mobile-header-display":"","site-post-title":"","ast-breadcrumbs-content":"","ast-featured-img":"","footer-sml-layout":"","ast-disable-related-posts":"","theme-transparent-header-meta":"","adv-header-id-meta":"","stick-header-meta":"","header-above-stick-meta":"","header-main-stick-meta":"","header-below-stick-meta":"","astra-migrate-meta-layouts":"set","ast-page-background-enabled":"default","ast-page-background-meta":{"desktop":{"background-color":"var(--ast-global-color-4)","background-image":"","background-repeat":"repeat","background-position":"center center","background-size":"auto","background-attachment":"scroll","background-type":"","background-media":"","overlay-type":"","overlay-color":"","overlay-opacity":"","overlay-gradient":""},"tablet":{"background-color":"","background-image":"","background-repeat":"repeat","background-position":"center center","background-size":"auto","background-attachment":"scroll","background-type":"","background-media":"","overlay-type":"","overlay-color":"","overlay-opacity":"","overlay-gradient":""},"mobile":{"background-color":"","background-image":"","background-repeat":"repeat","background-position":"center center","background-size":"auto","background-attachment":"scroll","background-type":"","background-media":"","overlay-type":"","overlay-color":"","overlay-opacity":"","overlay-gradient":""}},"ast-content-background-meta":{"desktop":{"background-color":"var(--ast-global-color-5)","background-image":"","background-repeat":"repeat","background-position":"center center","background-size":"auto","background-attachment":"scroll","background-type":"","background-media":"","overlay-type":"","overlay-color":"","overlay-opacity":"","overlay-gradient":""},"tablet":{"background-color":"var(--ast-global-color-5)","background-image":"","background-repeat":"repeat","background-position":"center center","background-size":"auto","background-attachment":"scroll","background-type":"","background-media":"","overlay-type":"","overlay-color":"","overlay-opacity":"","overlay-gradient":""},"mobile":{"background-color":"var(--ast-global-color-5)","background-image":"","background-repeat":"repeat","background-position":"center center","background-size":"auto","background-attachment":"scroll","background-type":"","background-media":"","overlay-type":"","overlay-color":"","overlay-opacity":"","overlay-gradient":""}},"footnotes":""},"categories":[1],"tags":[],"class_list":["post-2822","post","type-post","status-publish","format-standard","has-post-thumbnail","hentry","category-stomatologie"],"acf":[],"yoast_head":"<!-- This site is optimized with the Yoast SEO plugin v19.8 - https:\/\/yoast.com\/wordpress\/plugins\/seo\/ -->\n<title>Ghid complet pentru fa\u021bete dentare | Dr. Nicolau<\/title>\n<meta name=\"robots\" content=\"index, follow, max-snippet:-1, max-image-preview:large, max-video-preview:-1\" \/>\n<link rel=\"canonical\" href=\"https:\/\/drnicolau.ro\/fr\/ghid-complet-pentru-fatete-dentare-la-ce-sa-te-astepti-si-care-este-perioada-de-recuperare\/\" \/>\n<meta property=\"og:locale\" content=\"fr_FR\" \/>\n<meta property=\"og:type\" content=\"article\" \/>\n<meta property=\"og:title\" content=\"Ghid complet pentru fa\u021bete dentare | Dr. Nicolau\" \/>\n<meta property=\"og:description\" content=\"Z\u00e2mbetul este, de multe ori, prima carte de vizit\u0103. \u00cen estetica dentar\u0103 modern\u0103, fa\u021betele reprezint\u0103 solu\u021bia &#8222;de aur&#8221; pentru a corecta imperfec\u021biunile de form\u0103, culoare [&hellip;]\" \/>\n<meta property=\"og:url\" content=\"https:\/\/drnicolau.ro\/fr\/ghid-complet-pentru-fatete-dentare-la-ce-sa-te-astepti-si-care-este-perioada-de-recuperare\/\" \/>\n<meta property=\"og:site_name\" content=\"Dr. Nicolau\" \/>\n<meta property=\"article:publisher\" content=\"https:\/\/www.facebook.com\/drteodornicolau\" \/>\n<meta property=\"article:published_time\" content=\"2026-04-28T09:43:39+00:00\" \/>\n<meta property=\"article:modified_time\" content=\"2026-04-28T10:38:06+00:00\" \/>\n<meta property=\"og:image\" content=\"https:\/\/drnicolau.ro\/wp-content\/uploads\/2026\/04\/Gemini_Generated_Image_1qf7r21qf7r21qf7-1024x559.png\" \/>\n\t<meta property=\"og:image:width\" content=\"1024\" \/>\n\t<meta property=\"og:image:height\" content=\"559\" \/>\n\t<meta property=\"og:image:type\" content=\"image\/png\" \/>\n<meta name=\"author\" content=\"karina\" \/>\n<meta name=\"twitter:card\" content=\"summary_large_image\" \/>\n<meta name=\"twitter:label1\" content=\"\u00c9crit par\" \/>\n\t<meta name=\"twitter:data1\" content=\"karina\" \/>\n\t<meta name=\"twitter:label2\" content=\"Dur\u00e9e de lecture estim\u00e9e\" \/>\n\t<meta name=\"twitter:data2\" content=\"\" \/>\n<script type=\"application\/ld+json\" class=\"yoast-schema-graph\">{\"@context\":\"https:\/\/schema.org\",\"@graph\":[{\"@type\":\"Article\",\"@id\":\"https:\/\/drnicolau.ro\/ghid-complet-pentru-fatete-dentare-la-ce-sa-te-astepti-si-care-este-perioada-de-recuperare\/#article\",\"isPartOf\":{\"@id\":\"https:\/\/drnicolau.ro\/ghid-complet-pentru-fatete-dentare-la-ce-sa-te-astepti-si-care-este-perioada-de-recuperare\/\"},\"author\":{\"name\":\"karina\",\"@id\":\"https:\/\/drnicolau.ro\/#\/schema\/person\/9e90832d09aee4619e82976801825ad5\"},\"headline\":\"Ghid complet pentru fa\u021bete dentare\",\"datePublished\":\"2026-04-28T09:43:39+00:00\",\"dateModified\":\"2026-04-28T10:38:06+00:00\",\"mainEntityOfPage\":{\"@id\":\"https:\/\/drnicolau.ro\/ghid-complet-pentru-fatete-dentare-la-ce-sa-te-astepti-si-care-este-perioada-de-recuperare\/\"},\"wordCount\":865,\"publisher\":{\"@id\":\"https:\/\/drnicolau.ro\/#organization\"},\"articleSection\":[\"stomatologie\"],\"inLanguage\":\"fr-FR\"},{\"@type\":\"WebPage\",\"@id\":\"https:\/\/drnicolau.ro\/ghid-complet-pentru-fatete-dentare-la-ce-sa-te-astepti-si-care-este-perioada-de-recuperare\/\",\"url\":\"https:\/\/drnicolau.ro\/ghid-complet-pentru-fatete-dentare-la-ce-sa-te-astepti-si-care-este-perioada-de-recuperare\/\",\"name\":\"Ghid complet pentru fa\u021bete dentare | Dr. Nicolau\",\"isPartOf\":{\"@id\":\"https:\/\/drnicolau.ro\/#website\"},\"datePublished\":\"2026-04-28T09:43:39+00:00\",\"dateModified\":\"2026-04-28T10:38:06+00:00\",\"breadcrumb\":{\"@id\":\"https:\/\/drnicolau.ro\/ghid-complet-pentru-fatete-dentare-la-ce-sa-te-astepti-si-care-este-perioada-de-recuperare\/#breadcrumb\"},\"inLanguage\":\"fr-FR\",\"potentialAction\":[{\"@type\":\"ReadAction\",\"target\":[\"https:\/\/drnicolau.ro\/ghid-complet-pentru-fatete-dentare-la-ce-sa-te-astepti-si-care-este-perioada-de-recuperare\/\"]}]},{\"@type\":\"BreadcrumbList\",\"@id\":\"https:\/\/drnicolau.ro\/ghid-complet-pentru-fatete-dentare-la-ce-sa-te-astepti-si-care-este-perioada-de-recuperare\/#breadcrumb\",\"itemListElement\":[{\"@type\":\"ListItem\",\"position\":1,\"name\":\"Prima pagin\u0103\",\"item\":\"https:\/\/drnicolau.ro\/\"},{\"@type\":\"ListItem\",\"position\":2,\"name\":\"Ghid complet pentru fa\u021bete dentare\"}]},{\"@type\":\"WebSite\",\"@id\":\"https:\/\/drnicolau.ro\/#website\",\"url\":\"https:\/\/drnicolau.ro\/\",\"name\":\"Dr. Nicolau\",\"description\":\"Clinica Stomatologic\u0103 | Implantologie | Fa\u021bete dentare\",\"publisher\":{\"@id\":\"https:\/\/drnicolau.ro\/#organization\"},\"potentialAction\":[{\"@type\":\"SearchAction\",\"target\":{\"@type\":\"EntryPoint\",\"urlTemplate\":\"https:\/\/drnicolau.ro\/?s={search_term_string}\"},\"query-input\":\"required name=search_term_string\"}],\"inLanguage\":\"fr-FR\"},{\"@type\":\"Organization\",\"@id\":\"https:\/\/drnicolau.ro\/#organization\",\"name\":\"Dr. Nicolau\",\"url\":\"https:\/\/drnicolau.ro\/\",\"sameAs\":[\"https:\/\/www.facebook.com\/drteodornicolau\"],\"logo\":{\"@type\":\"ImageObject\",\"inLanguage\":\"fr-FR\",\"@id\":\"https:\/\/drnicolau.ro\/#\/schema\/logo\/image\/\",\"url\":\"https:\/\/drnicolau.ro\/wp-content\/uploads\/2022\/07\/logo-bg-black.png\",\"contentUrl\":\"https:\/\/drnicolau.ro\/wp-content\/uploads\/2022\/07\/logo-bg-black.png\",\"width\":300,\"height\":98,\"caption\":\"Dr. Nicolau\"},\"image\":{\"@id\":\"https:\/\/drnicolau.ro\/#\/schema\/logo\/image\/\"}},{\"@type\":\"Person\",\"@id\":\"https:\/\/drnicolau.ro\/#\/schema\/person\/9e90832d09aee4619e82976801825ad5\",\"name\":\"karina\",\"image\":{\"@type\":\"ImageObject\",\"inLanguage\":\"fr-FR\",\"@id\":\"https:\/\/drnicolau.ro\/#\/schema\/person\/image\/\",\"url\":\"https:\/\/secure.gravatar.com\/avatar\/609193fc6fcc9b4a6a938632f19b6110ff93f46c3d2894ef42b13ce61255d7fd?s=96&d=mm&r=g\",\"contentUrl\":\"https:\/\/secure.gravatar.com\/avatar\/609193fc6fcc9b4a6a938632f19b6110ff93f46c3d2894ef42b13ce61255d7fd?s=96&d=mm&r=g\",\"caption\":\"karina\"}}]}<\/script>\n<!-- \/ Yoast SEO plugin. -->","yoast_head_json":{"title":"Ghid complet pentru fa\u021bete dentare | Dr. Nicolau","robots":{"index":"index","follow":"follow","max-snippet":"max-snippet:-1","max-image-preview":"max-image-preview:large","max-video-preview":"max-video-preview:-1"},"canonical":"https:\/\/drnicolau.ro\/fr\/ghid-complet-pentru-fatete-dentare-la-ce-sa-te-astepti-si-care-este-perioada-de-recuperare\/","og_locale":"fr_FR","og_type":"article","og_title":"Ghid complet pentru fa\u021bete dentare | Dr. Nicolau","og_description":"Z\u00e2mbetul este, de multe ori, prima carte de vizit\u0103. \u00cen estetica dentar\u0103 modern\u0103, fa\u021betele reprezint\u0103 solu\u021bia &#8222;de aur&#8221; pentru a corecta imperfec\u021biunile de form\u0103, culoare [&hellip;]","og_url":"https:\/\/drnicolau.ro\/fr\/ghid-complet-pentru-fatete-dentare-la-ce-sa-te-astepti-si-care-este-perioada-de-recuperare\/","og_site_name":"Dr. Nicolau","article_publisher":"https:\/\/www.facebook.com\/drteodornicolau","article_published_time":"2026-04-28T09:43:39+00:00","article_modified_time":"2026-04-28T10:38:06+00:00","og_image":[{"width":1024,"height":559,"url":"https:\/\/drnicolau.ro\/wp-content\/uploads\/2026\/04\/Gemini_Generated_Image_1qf7r21qf7r21qf7-1024x559.png","type":"image\/png"}],"author":"karina","twitter_card":"summary_large_image","twitter_misc":{"\u00c9crit par":"karina","Dur\u00e9e de lecture estim\u00e9e":""},"schema":{"@context":"https:\/\/schema.org","@graph":[{"@type":"Article","@id":"https:\/\/drnicolau.ro\/ghid-complet-pentru-fatete-dentare-la-ce-sa-te-astepti-si-care-este-perioada-de-recuperare\/#article","isPartOf":{"@id":"https:\/\/drnicolau.ro\/ghid-complet-pentru-fatete-dentare-la-ce-sa-te-astepti-si-care-este-perioada-de-recuperare\/"},"author":{"name":"karina","@id":"https:\/\/drnicolau.ro\/#\/schema\/person\/9e90832d09aee4619e82976801825ad5"},"headline":"Ghid complet pentru fa\u021bete dentare","datePublished":"2026-04-28T09:43:39+00:00","dateModified":"2026-04-28T10:38:06+00:00","mainEntityOfPage":{"@id":"https:\/\/drnicolau.ro\/ghid-complet-pentru-fatete-dentare-la-ce-sa-te-astepti-si-care-este-perioada-de-recuperare\/"},"wordCount":865,"publisher":{"@id":"https:\/\/drnicolau.ro\/#organization"},"articleSection":["stomatologie"],"inLanguage":"fr-FR"},{"@type":"WebPage","@id":"https:\/\/drnicolau.ro\/ghid-complet-pentru-fatete-dentare-la-ce-sa-te-astepti-si-care-este-perioada-de-recuperare\/","url":"https:\/\/drnicolau.ro\/ghid-complet-pentru-fatete-dentare-la-ce-sa-te-astepti-si-care-este-perioada-de-recuperare\/","name":"Ghid complet pentru fa\u021bete dentare | Dr. Nicolau","isPartOf":{"@id":"https:\/\/drnicolau.ro\/#website"},"datePublished":"2026-04-28T09:43:39+00:00","dateModified":"2026-04-28T10:38:06+00:00","breadcrumb":{"@id":"https:\/\/drnicolau.ro\/ghid-complet-pentru-fatete-dentare-la-ce-sa-te-astepti-si-care-este-perioada-de-recuperare\/#breadcrumb"},"inLanguage":"fr-FR","potentialAction":[{"@type":"ReadAction","target":["https:\/\/drnicolau.ro\/ghid-complet-pentru-fatete-dentare-la-ce-sa-te-astepti-si-care-este-perioada-de-recuperare\/"]}]},{"@type":"BreadcrumbList","@id":"https:\/\/drnicolau.ro\/ghid-complet-pentru-fatete-dentare-la-ce-sa-te-astepti-si-care-este-perioada-de-recuperare\/#breadcrumb","itemListElement":[{"@type":"ListItem","position":1,"name":"Prima pagin\u0103","item":"https:\/\/drnicolau.ro\/"},{"@type":"ListItem","position":2,"name":"Ghid complet pentru fa\u021bete dentare"}]},{"@type":"WebSite","@id":"https:\/\/drnicolau.ro\/#website","url":"https:\/\/drnicolau.ro\/","name":"Dr. Nicolau","description":"Clinica Stomatologic\u0103 | Implantologie | Fa\u021bete dentare","publisher":{"@id":"https:\/\/drnicolau.ro\/#organization"},"potentialAction":[{"@type":"SearchAction","target":{"@type":"EntryPoint","urlTemplate":"https:\/\/drnicolau.ro\/?s={search_term_string}"},"query-input":"required name=search_term_string"}],"inLanguage":"fr-FR"},{"@type":"Organization","@id":"https:\/\/drnicolau.ro\/#organization","name":"Dr. Nicolau","url":"https:\/\/drnicolau.ro\/","sameAs":["https:\/\/www.facebook.com\/drteodornicolau"],"logo":{"@type":"ImageObject","inLanguage":"fr-FR","@id":"https:\/\/drnicolau.ro\/#\/schema\/logo\/image\/","url":"https:\/\/drnicolau.ro\/wp-content\/uploads\/2022\/07\/logo-bg-black.png","contentUrl":"https:\/\/drnicolau.ro\/wp-content\/uploads\/2022\/07\/logo-bg-black.png","width":300,"height":98,"caption":"Dr. Nicolau"},"image":{"@id":"https:\/\/drnicolau.ro\/#\/schema\/logo\/image\/"}},{"@type":"Person","@id":"https:\/\/drnicolau.ro\/#\/schema\/person\/9e90832d09aee4619e82976801825ad5","name":"karina","image":{"@type":"ImageObject","inLanguage":"fr-FR","@id":"https:\/\/drnicolau.ro\/#\/schema\/person\/image\/","url":"https:\/\/secure.gravatar.com\/avatar\/609193fc6fcc9b4a6a938632f19b6110ff93f46c3d2894ef42b13ce61255d7fd?s=96&d=mm&r=g","contentUrl":"https:\/\/secure.gravatar.com\/avatar\/609193fc6fcc9b4a6a938632f19b6110ff93f46c3d2894ef42b13ce61255d7fd?s=96&d=mm&r=g","caption":"karina"}}]}},"_links":{"self":[{"href":"https:\/\/drnicolau.ro\/fr\/wp-json\/wp\/v2\/posts\/2822","targetHints":{"allow":["GET"]}}],"collection":[{"href":"https:\/\/drnicolau.ro\/fr\/wp-json\/wp\/v2\/posts"}],"about":[{"href":"https:\/\/drnicolau.ro\/fr\/wp-json\/wp\/v2\/types\/post"}],"author":[{"embeddable":true,"href":"https:\/\/drnicolau.ro\/fr\/wp-json\/wp\/v2\/users\/4"}],"replies":[{"embeddable":true,"href":"https:\/\/drnicolau.ro\/fr\/wp-json\/wp\/v2\/comments?post=2822"}],"version-history":[{"count":12,"href":"https:\/\/drnicolau.ro\/fr\/wp-json\/wp\/v2\/posts\/2822\/revisions"}],"predecessor-version":[{"id":2852,"href":"https:\/\/drnicolau.ro\/fr\/wp-json\/wp\/v2\/posts\/2822\/revisions\/2852"}],"wp:featuredmedia":[{"embeddable":true,"href":"https:\/\/drnicolau.ro\/fr\/wp-json\/wp\/v2\/media\/2844"}],"wp:attachment":[{"href":"https:\/\/drnicolau.ro\/fr\/wp-json\/wp\/v2\/media?parent=2822"}],"wp:term":[{"taxonomy":"category","embeddable":true,"href":"https:\/\/drnicolau.ro\/fr\/wp-json\/wp\/v2\/categories?post=2822"},{"taxonomy":"post_tag","embeddable":true,"href":"https:\/\/drnicolau.ro\/fr\/wp-json\/wp\/v2\/tags?post=2822"}],"curies":[{"name":"wp","href":"https:\/\/api.w.org\/{rel}","templated":true}]}}